{"id":8389,"date":"2022-12-05T19:03:33","date_gmt":"2022-12-05T18:03:33","guid":{"rendered":"https:\/\/www.chatillonarchitectes.com\/?p=8389"},"modified":"2024-10-09T17:42:42","modified_gmt":"2024-10-09T15:42:42","slug":"leonardo-garcia-alarcon-a-lecole-de-chaillot","status":"publish","type":"post","link":"https:\/\/www.chatillonarchitectes.com\/en\/leonardo-garcia-alarcon-a-lecole-de-chaillot\/","title":{"rendered":"Leonardo Garc\u00eda Alarc\u00f3n at the Ecole de Chaillot"},"content":{"rendered":"\r\n<p>Fran\u00e7ois Chatillon \u00e9tait tr\u00e8s heureux d\u2019inviter son ami Leonardo Garc\u00eda Alarc\u00f3n, chef d\u2019orchestre de Cappella Mediterranea dont l\u2019agence est m\u00e9c\u00e8ne depuis plusieurs ann\u00e9es, \u00e0 intervenir \u00e0 l\u2019Ecole de Chaillot sur la question <em>Qu&rsquo;est-ce que le patrimoine ? <\/em>pour les \u00e9l\u00e8ves de deuxi\u00e8me ann\u00e9e. Les \u00e9changes ont port\u00e9 sur la notion de la transmission de l\u2019h\u00e9ritage musical et de son interpr\u00e9tation avec des parall\u00e8les entre la restauration et le patrimoine architectural. Leonardo Garc\u00eda Alarc\u00f3n a illustr\u00e9 ses propos au piano.<\/p>\r\n<p>&nbsp;<\/p>\r\n\r\n\r\n\r\n<p><span class=\"image-placeholder video\" style=\"padding-bottom:56.25000000%\"><video controls class=\"video-js-el vjs-default-skin vjs-minimal-skin\" width=\"560\" height=\"315\" data-vsetup=\"{&quot;techOrder&quot;:[&quot;youtube&quot;],&quot;sources&quot;:[{&quot;type&quot;:&quot;video\\\/youtube&quot;,&quot;src&quot;:&quot;https:\\\/\\\/www.youtube.com\\\/watch?v=VN8RqRdZ1t8&quot;}],&quot;youtube&quot;:{&quot;iv_load_policy&quot;:1,&quot;ytControls&quot;:3,&quot;customVars&quot;:{&quot;wmode&quot;:&quot;transparent&quot;,&quot;controls&quot;:0},&quot;enablePrivacyEnhancedMode&quot;:&quot;true&quot;}}\" preload=\"auto\" playsinline=\"playsinline\" loop=\"loop\"><\/video><\/span><\/p>\r\n<p><em>Cette video a \u00e9t\u00e9 tourn\u00e9e dans le cadre d\u2019un cours du DSA de l\u2019Ecole de Chaillot, \u00e0 la Cit\u00e9 de l\u2019architecture et du Patrimoine, le lundi 5 d\u00e9cembre 2022.<\/em><\/p>","protected":false},"excerpt":{"rendered":"<p>Fran\u00e7ois Chatillon was very pleased to invite his friend Leonardo Garc\u00eda Alarc\u00f3n, conductor of the Cappella Mediterranea, of which the studio has been a sponsor...<\/p>","protected":false},"author":2,"featured_media":8396,"comment_status":"open","ping_status":"open","sticky":false,"template":"","format":"standard","meta":{"_acf_changed":false,"inline_featured_image":false,"footnotes":""},"categories":[112,106],"tags":[],"class_list":["post-8389","post","type-post","status-publish","format-standard","has-post-thumbnail","hentry","category-conferences","category-videos"],"acf":[],"_links":{"self":[{"href":"https:\/\/www.chatillonarchitectes.com\/en\/wp-json\/wp\/v2\/posts\/8389","targetHints":{"allow":["GET"]}}],"collection":[{"href":"https:\/\/www.chatillonarchitectes.com\/en\/wp-json\/wp\/v2\/posts"}],"about":[{"href":"https:\/\/www.chatillonarchitectes.com\/en\/wp-json\/wp\/v2\/types\/post"}],"author":[{"embeddable":true,"href":"https:\/\/www.chatillonarchitectes.com\/en\/wp-json\/wp\/v2\/users\/2"}],"replies":[{"embeddable":true,"href":"https:\/\/www.chatillonarchitectes.com\/en\/wp-json\/wp\/v2\/comments?post=8389"}],"version-history":[{"count":4,"href":"https:\/\/www.chatillonarchitectes.com\/en\/wp-json\/wp\/v2\/posts\/8389\/revisions"}],"predecessor-version":[{"id":8397,"href":"https:\/\/www.chatillonarchitectes.com\/en\/wp-json\/wp\/v2\/posts\/8389\/revisions\/8397"}],"wp:featuredmedia":[{"embeddable":true,"href":"https:\/\/www.chatillonarchitectes.com\/en\/wp-json\/wp\/v2\/media\/8396"}],"wp:attachment":[{"href":"https:\/\/www.chatillonarchitectes.com\/en\/wp-json\/wp\/v2\/media?parent=8389"}],"wp:term":[{"taxonomy":"category","embeddable":true,"href":"https:\/\/www.chatillonarchitectes.com\/en\/wp-json\/wp\/v2\/categories?post=8389"},{"taxonomy":"post_tag","embeddable":true,"href":"https:\/\/www.chatillonarchitectes.com\/en\/wp-json\/wp\/v2\/tags?post=8389"}],"curies":[{"name":"wp","href":"https:\/\/api.w.org\/{rel}","templated":true}]}}